{"id":2533,"date":"2019-11-17T10:30:00","date_gmt":"2019-11-17T09:30:00","guid":{"rendered":"https:\/\/www.rail-europe-solutions.com\/res-is-aanwezig-op-het-unecto-congres\/"},"modified":"2022-05-17T15:52:50","modified_gmt":"2022-05-17T13:52:50","slug":"res-is-aanwezig-op-het-unecto-congres","status":"publish","type":"post","link":"https:\/\/www.rail-europe-solutions.com\/nl\/res-is-aanwezig-op-het-unecto-congres\/","title":{"rendered":"RES is aanwezig op het Unecto-congres"},"content":{"rendered":"\n<p class=\"wp-block-paragraph\"><em>Legende: Unecto-voorzitter Claude Steinmetz (links) met twee leden van de Rail Europe Solutions groep, Anne Beno\u00eet en Anthony Profili.<\/em><\/p>\n\n<p class=\"wp-block-paragraph\">Van 14 tot 16 november 2019 vond in Pontarlier (Doubs) het congres van de Unecto (Unie van Spoorweg &#8211; en Toeristische Exploitanten en Musea) plaats, een hoogtepunt voor Rail Europe Solutions en zijn klanten. Voor de eerste keer nam de Lambert Groep deel onder haar nieuwe commerci\u00eble entiteit.\n\n\n \n<\/p>\n\n<p class=\"wp-block-paragraph\">Elk jaar stelt deze grote bijeenkomst van enthousiastelingen ons in staat dicht bij onze klanten te blijven en naar hun behoeften te luisteren. Deze bijeenkomst van de Europese federatie in 2019 heeft ons in staat gesteld om in een gemoedelijke sfeer van gedachten te wisselen over de ontwikkeling van onze knowhow op spoorweggebied, die versterkt is dankzij de ontwikkeling van nieuwe activiteiten binnen onze familiegroep.\n\n \n\n\n<\/p>\n\n<p class=\"wp-block-paragraph\">Dit altijd leerzame congres werd doorspekt met workshops over het thema van de toeristische spoorwegen en werd afgesloten met een bezoek aan de plaatselijke spoorweg &#8220;le Coni&#8217;fer&#8221;.\n\n<\/p>\n","protected":false},"excerpt":{"rendered":"<p>Van 14 tot 16 november 2019 vond in Pontarlier (Doubs) het congres van de Unecto (Unie van Spoorweg- en Toeristische Exploitanten en Musea) plaats, een hoogtepunt voor Rail Europe Solutions en zijn klanten. Voor de eerste keer nam de Lambert Groep deel onder haar nieuwe commerci\u00eble entiteit. <\/p>\n","protected":false},"author":2,"featured_media":2060,"comment_status":"closed","ping_status":"open","sticky":false,"template":"","format":"standard","meta":{"_acf_changed":false,"footnotes":""},"categories":[49],"tags":[],"class_list":["post-2533","post","type-post","status-publish","format-standard","has-post-thumbnail","hentry","category-beurzen"],"acf":[],"yoast_head":"<!-- This site is optimized with the Yoast SEO plugin v28.4 - https:\/\/yoast.com\/product\/yoast-seo-wordpress\/ -->\n<title>RES is aanwezig op het Unecto-congres - Rail Europe Solutions<\/title>\n<meta name=\"description\" content=\"Van 14 tot 16 november 2019 was RES in Pontarlier aanwezig op het Unecto-congres. De Lambert Groep nam deel onder haar nieuwe commerci\u00eble entiteit.\" \/>\n<meta name=\"robots\" content=\"index, follow, max-snippet:-1, max-image-preview:large, max-video-preview:-1\" \/>\n<link rel=\"canonical\" href=\"https:\/\/www.rail-europe-solutions.com\/nl\/res-is-aanwezig-op-het-unecto-congres\/\" \/>\n<meta property=\"og:locale\" content=\"nl_NL\" \/>\n<meta property=\"og:type\" content=\"article\" \/>\n<meta property=\"og:title\" content=\"RES is aanwezig op het Unecto-congres - Rail Europe Solutions\" \/>\n<meta property=\"og:description\" content=\"Van 14 tot 16 november 2019 was RES in Pontarlier aanwezig op het Unecto-congres. De Lambert Groep nam deel onder haar nieuwe commerci\u00eble entiteit.\" \/>\n<meta property=\"og:url\" content=\"https:\/\/www.rail-europe-solutions.com\/nl\/res-is-aanwezig-op-het-unecto-congres\/\" \/>\n<meta property=\"og:site_name\" content=\"Rail Europe Solutions\" \/>\n<meta property=\"article:published_time\" content=\"2019-11-17T09:30:00+00:00\" \/>\n<meta property=\"article:modified_time\" content=\"2022-05-17T13:52:50+00:00\" \/>\n<meta property=\"og:image\" content=\"https:\/\/www.rail-europe-solutions.com\/wp-content\/uploads\/2020\/01\/unecto-1.jpg\" \/>\n\t<meta property=\"og:image:width\" content=\"972\" \/>\n\t<meta property=\"og:image:height\" content=\"648\" \/>\n\t<meta property=\"og:image:type\" content=\"image\/jpeg\" \/>\n<meta name=\"author\" content=\"Groupe RES\" \/>\n<meta name=\"twitter:card\" content=\"summary_large_image\" \/>\n<meta name=\"twitter:label1\" content=\"Geschreven door\" \/>\n\t<meta name=\"twitter:data1\" content=\"Groupe RES\" \/>\n\t<meta name=\"twitter:label2\" content=\"Geschatte leestijd\" \/>\n\t<meta name=\"twitter:data2\" content=\"1 minuut\" \/>\n<script type=\"application\/ld+json\" class=\"yoast-schema-graph\">{\"@context\":\"https:\\\/\\\/schema.org\",\"@graph\":[{\"@type\":\"Article\",\"@id\":\"https:\\\/\\\/www.rail-europe-solutions.com\\\/nl\\\/res-is-aanwezig-op-het-unecto-congres\\\/#article\",\"isPartOf\":{\"@id\":\"https:\\\/\\\/www.rail-europe-solutions.com\\\/nl\\\/res-is-aanwezig-op-het-unecto-congres\\\/\"},\"author\":{\"name\":\"Groupe RES\",\"@id\":\"https:\\\/\\\/www.rail-europe-solutions.com\\\/nl\\\/#\\\/schema\\\/person\\\/7a1f0c214163b08232e3c28b221fee98\"},\"headline\":\"RES is aanwezig op het Unecto-congres\",\"datePublished\":\"2019-11-17T09:30:00+00:00\",\"dateModified\":\"2022-05-17T13:52:50+00:00\",\"mainEntityOfPage\":{\"@id\":\"https:\\\/\\\/www.rail-europe-solutions.com\\\/nl\\\/res-is-aanwezig-op-het-unecto-congres\\\/\"},\"wordCount\":163,\"publisher\":{\"@id\":\"https:\\\/\\\/www.rail-europe-solutions.com\\\/nl\\\/#organization\"},\"image\":{\"@id\":\"https:\\\/\\\/www.rail-europe-solutions.com\\\/nl\\\/res-is-aanwezig-op-het-unecto-congres\\\/#primaryimage\"},\"thumbnailUrl\":\"https:\\\/\\\/www.rail-europe-solutions.com\\\/wp-content\\\/uploads\\\/2020\\\/01\\\/unecto-1.jpg\",\"articleSection\":[\"Beurzen\"],\"inLanguage\":\"nl-NL\"},{\"@type\":\"WebPage\",\"@id\":\"https:\\\/\\\/www.rail-europe-solutions.com\\\/nl\\\/res-is-aanwezig-op-het-unecto-congres\\\/\",\"url\":\"https:\\\/\\\/www.rail-europe-solutions.com\\\/nl\\\/res-is-aanwezig-op-het-unecto-congres\\\/\",\"name\":\"RES is aanwezig op het Unecto-congres - Rail Europe Solutions\",\"isPartOf\":{\"@id\":\"https:\\\/\\\/www.rail-europe-solutions.com\\\/nl\\\/#website\"},\"primaryImageOfPage\":{\"@id\":\"https:\\\/\\\/www.rail-europe-solutions.com\\\/nl\\\/res-is-aanwezig-op-het-unecto-congres\\\/#primaryimage\"},\"image\":{\"@id\":\"https:\\\/\\\/www.rail-europe-solutions.com\\\/nl\\\/res-is-aanwezig-op-het-unecto-congres\\\/#primaryimage\"},\"thumbnailUrl\":\"https:\\\/\\\/www.rail-europe-solutions.com\\\/wp-content\\\/uploads\\\/2020\\\/01\\\/unecto-1.jpg\",\"datePublished\":\"2019-11-17T09:30:00+00:00\",\"dateModified\":\"2022-05-17T13:52:50+00:00\",\"description\":\"Van 14 tot 16 november 2019 was RES in Pontarlier aanwezig op het Unecto-congres. De Lambert Groep nam deel onder haar nieuwe commerci\u00eble entiteit.\",\"breadcrumb\":{\"@id\":\"https:\\\/\\\/www.rail-europe-solutions.com\\\/nl\\\/res-is-aanwezig-op-het-unecto-congres\\\/#breadcrumb\"},\"inLanguage\":\"nl-NL\",\"potentialAction\":[{\"@type\":\"ReadAction\",\"target\":[\"https:\\\/\\\/www.rail-europe-solutions.com\\\/nl\\\/res-is-aanwezig-op-het-unecto-congres\\\/\"]}]},{\"@type\":\"ImageObject\",\"inLanguage\":\"nl-NL\",\"@id\":\"https:\\\/\\\/www.rail-europe-solutions.com\\\/nl\\\/res-is-aanwezig-op-het-unecto-congres\\\/#primaryimage\",\"url\":\"https:\\\/\\\/www.rail-europe-solutions.com\\\/wp-content\\\/uploads\\\/2020\\\/01\\\/unecto-1.jpg\",\"contentUrl\":\"https:\\\/\\\/www.rail-europe-solutions.com\\\/wp-content\\\/uploads\\\/2020\\\/01\\\/unecto-1.jpg\",\"width\":972,\"height\":648,\"caption\":\"Le pr\u00e9sident de l\u2019Unecto Claude Steinmetz (\u00e0 gauche), en compagnie de deux membres du groupe Rail Europe Solutions, Anne Beno\u00eet et Anthony Profili.\"},{\"@type\":\"BreadcrumbList\",\"@id\":\"https:\\\/\\\/www.rail-europe-solutions.com\\\/nl\\\/res-is-aanwezig-op-het-unecto-congres\\\/#breadcrumb\",\"itemListElement\":[{\"@type\":\"ListItem\",\"position\":1,\"name\":\"Accueil\",\"item\":\"https:\\\/\\\/www.rail-europe-solutions.com\\\/nl\\\/\"},{\"@type\":\"ListItem\",\"position\":2,\"name\":\"RES is aanwezig op het Unecto-congres\"}]},{\"@type\":\"WebSite\",\"@id\":\"https:\\\/\\\/www.rail-europe-solutions.com\\\/nl\\\/#website\",\"url\":\"https:\\\/\\\/www.rail-europe-solutions.com\\\/nl\\\/\",\"name\":\"Rail Europe Solutions\",\"description\":\"Le ferroviaire, notre savoir-faire\",\"publisher\":{\"@id\":\"https:\\\/\\\/www.rail-europe-solutions.com\\\/nl\\\/#organization\"},\"potentialAction\":[{\"@type\":\"SearchAction\",\"target\":{\"@type\":\"EntryPoint\",\"urlTemplate\":\"https:\\\/\\\/www.rail-europe-solutions.com\\\/nl\\\/?s={search_term_string}\"},\"query-input\":{\"@type\":\"PropertyValueSpecification\",\"valueRequired\":true,\"valueName\":\"search_term_string\"}}],\"inLanguage\":\"nl-NL\"},{\"@type\":\"Organization\",\"@id\":\"https:\\\/\\\/www.rail-europe-solutions.com\\\/nl\\\/#organization\",\"name\":\"Rail Europe Solutions\",\"url\":\"https:\\\/\\\/www.rail-europe-solutions.com\\\/nl\\\/\",\"logo\":{\"@type\":\"ImageObject\",\"inLanguage\":\"nl-NL\",\"@id\":\"https:\\\/\\\/www.rail-europe-solutions.com\\\/nl\\\/#\\\/schema\\\/logo\\\/image\\\/\",\"url\":\"https:\\\/\\\/www.rail-europe-solutions.com\\\/wp-content\\\/uploads\\\/2019\\\/06\\\/logo-rail-europe-solutions-svg.svg\",\"contentUrl\":\"https:\\\/\\\/www.rail-europe-solutions.com\\\/wp-content\\\/uploads\\\/2019\\\/06\\\/logo-rail-europe-solutions-svg.svg\",\"width\":500,\"height\":202.18,\"caption\":\"Rail Europe Solutions\"},\"image\":{\"@id\":\"https:\\\/\\\/www.rail-europe-solutions.com\\\/nl\\\/#\\\/schema\\\/logo\\\/image\\\/\"},\"sameAs\":[\"https:\\\/\\\/www.youtube.com\\\/channel\\\/UCQ0kDiV4FepVClXOxq6Bozw\"]},{\"@type\":\"Person\",\"@id\":\"https:\\\/\\\/www.rail-europe-solutions.com\\\/nl\\\/#\\\/schema\\\/person\\\/7a1f0c214163b08232e3c28b221fee98\",\"name\":\"Groupe RES\",\"description\":\"Avec plus d\u2019un si\u00e8cle d\u2019exp\u00e9rience dans le monde du ferroviaire, le groupe Rail Europe Solutions est l\u2019alliance de soci\u00e9t\u00e9s compl\u00e9mentaires : CCB, Rail Europe, Emofer et MFD. Appartenant au Groupe Lambert, elles sont d\u00e9sormais unies et rassembl\u00e9es \u00e0 travers Rail Europe Solutions afin de vous proposer une offre produits compl\u00e8te en bois sous rail, traverses b\u00e9ton, appareils de voie, et mat\u00e9riel ferroviaire.\",\"sameAs\":[\"https:\\\/\\\/www.rail-europe-solutions.com\"]}]}<\/script>\n<!-- \/ Yoast SEO plugin. -->","yoast_head_json":{"title":"RES is aanwezig op het Unecto-congres - Rail Europe Solutions","description":"Van 14 tot 16 november 2019 was RES in Pontarlier aanwezig op het Unecto-congres. De Lambert Groep nam deel onder haar nieuwe commerci\u00eble entiteit.","robots":{"index":"index","follow":"follow","max-snippet":"max-snippet:-1","max-image-preview":"max-image-preview:large","max-video-preview":"max-video-preview:-1"},"canonical":"https:\/\/www.rail-europe-solutions.com\/nl\/res-is-aanwezig-op-het-unecto-congres\/","og_locale":"nl_NL","og_type":"article","og_title":"RES is aanwezig op het Unecto-congres - Rail Europe Solutions","og_description":"Van 14 tot 16 november 2019 was RES in Pontarlier aanwezig op het Unecto-congres. De Lambert Groep nam deel onder haar nieuwe commerci\u00eble entiteit.","og_url":"https:\/\/www.rail-europe-solutions.com\/nl\/res-is-aanwezig-op-het-unecto-congres\/","og_site_name":"Rail Europe Solutions","article_published_time":"2019-11-17T09:30:00+00:00","article_modified_time":"2022-05-17T13:52:50+00:00","og_image":[{"width":972,"height":648,"url":"https:\/\/www.rail-europe-solutions.com\/wp-content\/uploads\/2020\/01\/unecto-1.jpg","type":"image\/jpeg"}],"author":"Groupe RES","twitter_card":"summary_large_image","twitter_misc":{"Geschreven door":"Groupe RES","Geschatte leestijd":"1 minuut"},"schema":{"@context":"https:\/\/schema.org","@graph":[{"@type":"Article","@id":"https:\/\/www.rail-europe-solutions.com\/nl\/res-is-aanwezig-op-het-unecto-congres\/#article","isPartOf":{"@id":"https:\/\/www.rail-europe-solutions.com\/nl\/res-is-aanwezig-op-het-unecto-congres\/"},"author":{"name":"Groupe RES","@id":"https:\/\/www.rail-europe-solutions.com\/nl\/#\/schema\/person\/7a1f0c214163b08232e3c28b221fee98"},"headline":"RES is aanwezig op het Unecto-congres","datePublished":"2019-11-17T09:30:00+00:00","dateModified":"2022-05-17T13:52:50+00:00","mainEntityOfPage":{"@id":"https:\/\/www.rail-europe-solutions.com\/nl\/res-is-aanwezig-op-het-unecto-congres\/"},"wordCount":163,"publisher":{"@id":"https:\/\/www.rail-europe-solutions.com\/nl\/#organization"},"image":{"@id":"https:\/\/www.rail-europe-solutions.com\/nl\/res-is-aanwezig-op-het-unecto-congres\/#primaryimage"},"thumbnailUrl":"https:\/\/www.rail-europe-solutions.com\/wp-content\/uploads\/2020\/01\/unecto-1.jpg","articleSection":["Beurzen"],"inLanguage":"nl-NL"},{"@type":"WebPage","@id":"https:\/\/www.rail-europe-solutions.com\/nl\/res-is-aanwezig-op-het-unecto-congres\/","url":"https:\/\/www.rail-europe-solutions.com\/nl\/res-is-aanwezig-op-het-unecto-congres\/","name":"RES is aanwezig op het Unecto-congres - Rail Europe Solutions","isPartOf":{"@id":"https:\/\/www.rail-europe-solutions.com\/nl\/#website"},"primaryImageOfPage":{"@id":"https:\/\/www.rail-europe-solutions.com\/nl\/res-is-aanwezig-op-het-unecto-congres\/#primaryimage"},"image":{"@id":"https:\/\/www.rail-europe-solutions.com\/nl\/res-is-aanwezig-op-het-unecto-congres\/#primaryimage"},"thumbnailUrl":"https:\/\/www.rail-europe-solutions.com\/wp-content\/uploads\/2020\/01\/unecto-1.jpg","datePublished":"2019-11-17T09:30:00+00:00","dateModified":"2022-05-17T13:52:50+00:00","description":"Van 14 tot 16 november 2019 was RES in Pontarlier aanwezig op het Unecto-congres. De Lambert Groep nam deel onder haar nieuwe commerci\u00eble entiteit.","breadcrumb":{"@id":"https:\/\/www.rail-europe-solutions.com\/nl\/res-is-aanwezig-op-het-unecto-congres\/#breadcrumb"},"inLanguage":"nl-NL","potentialAction":[{"@type":"ReadAction","target":["https:\/\/www.rail-europe-solutions.com\/nl\/res-is-aanwezig-op-het-unecto-congres\/"]}]},{"@type":"ImageObject","inLanguage":"nl-NL","@id":"https:\/\/www.rail-europe-solutions.com\/nl\/res-is-aanwezig-op-het-unecto-congres\/#primaryimage","url":"https:\/\/www.rail-europe-solutions.com\/wp-content\/uploads\/2020\/01\/unecto-1.jpg","contentUrl":"https:\/\/www.rail-europe-solutions.com\/wp-content\/uploads\/2020\/01\/unecto-1.jpg","width":972,"height":648,"caption":"Le pr\u00e9sident de l\u2019Unecto Claude Steinmetz (\u00e0 gauche), en compagnie de deux membres du groupe Rail Europe Solutions, Anne Beno\u00eet et Anthony Profili."},{"@type":"BreadcrumbList","@id":"https:\/\/www.rail-europe-solutions.com\/nl\/res-is-aanwezig-op-het-unecto-congres\/#breadcrumb","itemListElement":[{"@type":"ListItem","position":1,"name":"Accueil","item":"https:\/\/www.rail-europe-solutions.com\/nl\/"},{"@type":"ListItem","position":2,"name":"RES is aanwezig op het Unecto-congres"}]},{"@type":"WebSite","@id":"https:\/\/www.rail-europe-solutions.com\/nl\/#website","url":"https:\/\/www.rail-europe-solutions.com\/nl\/","name":"Rail Europe Solutions","description":"Le ferroviaire, notre savoir-faire","publisher":{"@id":"https:\/\/www.rail-europe-solutions.com\/nl\/#organization"},"potentialAction":[{"@type":"SearchAction","target":{"@type":"EntryPoint","urlTemplate":"https:\/\/www.rail-europe-solutions.com\/nl\/?s={search_term_string}"},"query-input":{"@type":"PropertyValueSpecification","valueRequired":true,"valueName":"search_term_string"}}],"inLanguage":"nl-NL"},{"@type":"Organization","@id":"https:\/\/www.rail-europe-solutions.com\/nl\/#organization","name":"Rail Europe Solutions","url":"https:\/\/www.rail-europe-solutions.com\/nl\/","logo":{"@type":"ImageObject","inLanguage":"nl-NL","@id":"https:\/\/www.rail-europe-solutions.com\/nl\/#\/schema\/logo\/image\/","url":"https:\/\/www.rail-europe-solutions.com\/wp-content\/uploads\/2019\/06\/logo-rail-europe-solutions-svg.svg","contentUrl":"https:\/\/www.rail-europe-solutions.com\/wp-content\/uploads\/2019\/06\/logo-rail-europe-solutions-svg.svg","width":500,"height":202.18,"caption":"Rail Europe Solutions"},"image":{"@id":"https:\/\/www.rail-europe-solutions.com\/nl\/#\/schema\/logo\/image\/"},"sameAs":["https:\/\/www.youtube.com\/channel\/UCQ0kDiV4FepVClXOxq6Bozw"]},{"@type":"Person","@id":"https:\/\/www.rail-europe-solutions.com\/nl\/#\/schema\/person\/7a1f0c214163b08232e3c28b221fee98","name":"Groupe RES","description":"Avec plus d\u2019un si\u00e8cle d\u2019exp\u00e9rience dans le monde du ferroviaire, le groupe Rail Europe Solutions est l\u2019alliance de soci\u00e9t\u00e9s compl\u00e9mentaires : CCB, Rail Europe, Emofer et MFD. Appartenant au Groupe Lambert, elles sont d\u00e9sormais unies et rassembl\u00e9es \u00e0 travers Rail Europe Solutions afin de vous proposer une offre produits compl\u00e8te en bois sous rail, traverses b\u00e9ton, appareils de voie, et mat\u00e9riel ferroviaire.","sameAs":["https:\/\/www.rail-europe-solutions.com"]}]}},"_links":{"self":[{"href":"https:\/\/www.rail-europe-solutions.com\/nl\/wp-json\/wp\/v2\/posts\/2533","targetHints":{"allow":["GET"]}}],"collection":[{"href":"https:\/\/www.rail-europe-solutions.com\/nl\/wp-json\/wp\/v2\/posts"}],"about":[{"href":"https:\/\/www.rail-europe-solutions.com\/nl\/wp-json\/wp\/v2\/types\/post"}],"author":[{"embeddable":true,"href":"https:\/\/www.rail-europe-solutions.com\/nl\/wp-json\/wp\/v2\/users\/2"}],"replies":[{"embeddable":true,"href":"https:\/\/www.rail-europe-solutions.com\/nl\/wp-json\/wp\/v2\/comments?post=2533"}],"version-history":[{"count":1,"href":"https:\/\/www.rail-europe-solutions.com\/nl\/wp-json\/wp\/v2\/posts\/2533\/revisions"}],"predecessor-version":[{"id":2534,"href":"https:\/\/www.rail-europe-solutions.com\/nl\/wp-json\/wp\/v2\/posts\/2533\/revisions\/2534"}],"wp:featuredmedia":[{"embeddable":true,"href":"https:\/\/www.rail-europe-solutions.com\/nl\/wp-json\/wp\/v2\/media\/2060"}],"wp:attachment":[{"href":"https:\/\/www.rail-europe-solutions.com\/nl\/wp-json\/wp\/v2\/media?parent=2533"}],"wp:term":[{"taxonomy":"category","embeddable":true,"href":"https:\/\/www.rail-europe-solutions.com\/nl\/wp-json\/wp\/v2\/categories?post=2533"},{"taxonomy":"post_tag","embeddable":true,"href":"https:\/\/www.rail-europe-solutions.com\/nl\/wp-json\/wp\/v2\/tags?post=2533"}],"curies":[{"name":"wp","href":"https:\/\/api.w.org\/{rel}","templated":true}]}}