{"id":3112,"date":"2020-03-26T13:25:52","date_gmt":"2020-03-26T12:25:52","guid":{"rendered":"https:\/\/www.rail-europe-solutions.com\/covid-19-ein-fuer-notfaelle-eingerichteter-mindestservice\/"},"modified":"2022-07-15T10:43:15","modified_gmt":"2022-07-15T08:43:15","slug":"covid-19-ein-fuer-notfaelle-eingerichteter-mindestservice","status":"publish","type":"post","link":"https:\/\/www.rail-europe-solutions.com\/de\/covid-19-ein-fuer-notfaelle-eingerichteter-mindestservice\/","title":{"rendered":"Covid 19 &#8211; Ein f\u00fcr Notf\u00e4lle eingerichteter Mindestservice"},"content":{"rendered":"\n<p class=\"wp-block-paragraph\">Aufgrund der aktuellen Gesundheitskrise hat die Gruppe Lambert \/ Rail Europe Solutions beschlossen, alle ihre Produktionsst\u00e4tten vor\u00fcbergehend zu schlie\u00dfen.\n\n\n<\/p>\n\n<p class=\"wp-block-paragraph\">Im Falle eines notwendigen Notfalls kann jedoch von Fall zu Fall eine Mindestleistung erbracht werden. Wenn Sie Bedenken haben, wenden Sie sich bitte an Ihren jeweiligen Vertriebsmitarbeiter, um die am besten geeignete L\u00f6sung einzurichten.\n\n \n\n<\/p>\n\n<p class=\"wp-block-paragraph\">Wir werden uns auf jeden Fall wieder bei Ihnen melden, sobald sich die Situation normalisiert hat.\n\n<\/p>\n\n<p class=\"wp-block-paragraph\">Die gesamte Lambert-Gruppe bedankt sich f\u00fcr dieses Verst\u00e4ndnis und w\u00fcnscht Ihnen gute Gesundheit.<\/p>\n\n<p class=\"wp-block-paragraph\">Passen Sie auf sich und andere auf.<\/p>\n\n<figure class=\"wp-block-embed is-type-video is-provider-youtube wp-block-embed-youtube wp-embed-aspect-16-9 wp-has-aspect-ratio\"><div class=\"wp-block-embed__wrapper\">\n<iframe title=\"Covid-19 : les gestes simples pour limiter la contagion\" width=\"500\" height=\"281\" src=\"https:\/\/www.youtube.com\/embed\/QLIEkDc6lLg?feature=oembed\" frameborder=\"0\" allow=\"accelerometer; autoplay; clipboard-write; encrypted-media; gyroscope; picture-in-picture; web-share\" referrerpolicy=\"strict-origin-when-cross-origin\" allowfullscreen><\/iframe>\n<\/div><\/figure>\n\n<div class=\"wp-block-image\"><figure class=\"aligncenter size-full\"><img fetchpriority=\"high\" decoding=\"async\" width=\"340\" height=\"477\" src=\"https:\/\/www.rail-europe-solutions.com\/wp-content\/uploads\/2020\/03\/gestes-barrieres-covid-19.png\" alt=\"\" class=\"wp-image-1413\" srcset=\"https:\/\/www.rail-europe-solutions.com\/wp-content\/uploads\/2020\/03\/gestes-barrieres-covid-19.png 340w, https:\/\/www.rail-europe-solutions.com\/wp-content\/uploads\/2020\/03\/gestes-barrieres-covid-19-214x300.png 214w\" sizes=\"(max-width: 340px) 100vw, 340px\" \/><\/figure><\/div>\n","protected":false},"excerpt":{"rendered":"<p>Aufgrund der aktuellen Gesundheitskrise hat die Gruppe Lambert \/ Rail Europe Solutions beschlossen, alle ihre Produktionsst\u00e4tten vor\u00fcbergehend zu schlie\u00dfen. Im Falle eines notwendigen Notfalls kann jedoch von Fall zu Fall eine Mindestleistung erbracht werden. Bitte wenden Sie sich an Ihren jeweiligen Vertriebsmitarbeiter, um die am besten geeignete L\u00f6sung zu finden.<\/p>\n","protected":false},"author":2,"featured_media":2811,"comment_status":"closed","ping_status":"open","sticky":false,"template":"","format":"standard","meta":{"_acf_changed":false,"footnotes":""},"categories":[50],"tags":[],"class_list":["post-3112","post","type-post","status-publish","format-standard","has-post-thumbnail","hentry","category-unkategorisiert"],"acf":[],"yoast_head":"<!-- This site is optimized with the Yoast SEO plugin v28.4 - https:\/\/yoast.com\/product\/yoast-seo-wordpress\/ -->\n<title>Covid 19 - Ein f\u00fcr Notf\u00e4lle eingerichteter Mindestservice - Rail Europe Solutions<\/title>\n<meta name=\"robots\" content=\"index, follow, max-snippet:-1, max-image-preview:large, max-video-preview:-1\" \/>\n<link rel=\"canonical\" href=\"https:\/\/www.rail-europe-solutions.com\/de\/covid-19-ein-fuer-notfaelle-eingerichteter-mindestservice\/\" \/>\n<meta property=\"og:locale\" content=\"de_DE\" \/>\n<meta property=\"og:type\" content=\"article\" \/>\n<meta property=\"og:title\" content=\"Covid 19 - Ein f\u00fcr Notf\u00e4lle eingerichteter Mindestservice - Rail Europe Solutions\" \/>\n<meta property=\"og:description\" content=\"Aufgrund der aktuellen Gesundheitskrise hat die Gruppe Lambert \/ Rail Europe Solutions beschlossen, alle ihre Produktionsst\u00e4tten vor\u00fcbergehend zu schlie\u00dfen. Im Falle eines notwendigen Notfalls kann jedoch von Fall zu Fall eine Mindestleistung erbracht werden. Bitte wenden Sie sich an Ihren jeweiligen Vertriebsmitarbeiter, um die am besten geeignete L\u00f6sung zu finden.\" \/>\n<meta property=\"og:url\" content=\"https:\/\/www.rail-europe-solutions.com\/de\/covid-19-ein-fuer-notfaelle-eingerichteter-mindestservice\/\" \/>\n<meta property=\"og:site_name\" content=\"Rail Europe Solutions\" \/>\n<meta property=\"article:published_time\" content=\"2020-03-26T12:25:52+00:00\" \/>\n<meta property=\"article:modified_time\" content=\"2022-07-15T08:43:15+00:00\" \/>\n<meta property=\"og:image\" content=\"https:\/\/www.rail-europe-solutions.com\/wp-content\/uploads\/2019\/06\/un-groupe-familial-renforce-article.jpg\" \/>\n\t<meta property=\"og:image:width\" content=\"900\" \/>\n\t<meta property=\"og:image:height\" content=\"420\" \/>\n\t<meta property=\"og:image:type\" content=\"image\/jpeg\" \/>\n<meta name=\"author\" content=\"Groupe RES\" \/>\n<meta name=\"twitter:card\" content=\"summary_large_image\" \/>\n<meta name=\"twitter:label1\" content=\"Verfasst von\" \/>\n\t<meta name=\"twitter:data1\" content=\"Groupe RES\" \/>\n\t<meta name=\"twitter:label2\" content=\"Gesch\u00e4tzte Lesezeit\" \/>\n\t<meta name=\"twitter:data2\" content=\"1\u00a0Minute\" \/>\n<script type=\"application\/ld+json\" class=\"yoast-schema-graph\">{\"@context\":\"https:\\\/\\\/schema.org\",\"@graph\":[{\"@type\":\"Article\",\"@id\":\"https:\\\/\\\/www.rail-europe-solutions.com\\\/de\\\/covid-19-ein-fuer-notfaelle-eingerichteter-mindestservice\\\/#article\",\"isPartOf\":{\"@id\":\"https:\\\/\\\/www.rail-europe-solutions.com\\\/de\\\/covid-19-ein-fuer-notfaelle-eingerichteter-mindestservice\\\/\"},\"author\":{\"name\":\"Groupe RES\",\"@id\":\"https:\\\/\\\/www.rail-europe-solutions.com\\\/de\\\/#\\\/schema\\\/person\\\/7a1f0c214163b08232e3c28b221fee98\"},\"headline\":\"Covid 19 &#8211; Ein f\u00fcr Notf\u00e4lle eingerichteter Mindestservice\",\"datePublished\":\"2020-03-26T12:25:52+00:00\",\"dateModified\":\"2022-07-15T08:43:15+00:00\",\"mainEntityOfPage\":{\"@id\":\"https:\\\/\\\/www.rail-europe-solutions.com\\\/de\\\/covid-19-ein-fuer-notfaelle-eingerichteter-mindestservice\\\/\"},\"wordCount\":112,\"publisher\":{\"@id\":\"https:\\\/\\\/www.rail-europe-solutions.com\\\/de\\\/#organization\"},\"image\":{\"@id\":\"https:\\\/\\\/www.rail-europe-solutions.com\\\/de\\\/covid-19-ein-fuer-notfaelle-eingerichteter-mindestservice\\\/#primaryimage\"},\"thumbnailUrl\":\"https:\\\/\\\/www.rail-europe-solutions.com\\\/wp-content\\\/uploads\\\/2019\\\/06\\\/un-groupe-familial-renforce-article.jpg\",\"articleSection\":[\"Unkategorisiert\"],\"inLanguage\":\"de\"},{\"@type\":\"WebPage\",\"@id\":\"https:\\\/\\\/www.rail-europe-solutions.com\\\/de\\\/covid-19-ein-fuer-notfaelle-eingerichteter-mindestservice\\\/\",\"url\":\"https:\\\/\\\/www.rail-europe-solutions.com\\\/de\\\/covid-19-ein-fuer-notfaelle-eingerichteter-mindestservice\\\/\",\"name\":\"Covid 19 - Ein f\u00fcr Notf\u00e4lle eingerichteter Mindestservice - Rail Europe Solutions\",\"isPartOf\":{\"@id\":\"https:\\\/\\\/www.rail-europe-solutions.com\\\/de\\\/#website\"},\"primaryImageOfPage\":{\"@id\":\"https:\\\/\\\/www.rail-europe-solutions.com\\\/de\\\/covid-19-ein-fuer-notfaelle-eingerichteter-mindestservice\\\/#primaryimage\"},\"image\":{\"@id\":\"https:\\\/\\\/www.rail-europe-solutions.com\\\/de\\\/covid-19-ein-fuer-notfaelle-eingerichteter-mindestservice\\\/#primaryimage\"},\"thumbnailUrl\":\"https:\\\/\\\/www.rail-europe-solutions.com\\\/wp-content\\\/uploads\\\/2019\\\/06\\\/un-groupe-familial-renforce-article.jpg\",\"datePublished\":\"2020-03-26T12:25:52+00:00\",\"dateModified\":\"2022-07-15T08:43:15+00:00\",\"breadcrumb\":{\"@id\":\"https:\\\/\\\/www.rail-europe-solutions.com\\\/de\\\/covid-19-ein-fuer-notfaelle-eingerichteter-mindestservice\\\/#breadcrumb\"},\"inLanguage\":\"de\",\"potentialAction\":[{\"@type\":\"ReadAction\",\"target\":[\"https:\\\/\\\/www.rail-europe-solutions.com\\\/de\\\/covid-19-ein-fuer-notfaelle-eingerichteter-mindestservice\\\/\"]}]},{\"@type\":\"ImageObject\",\"inLanguage\":\"de\",\"@id\":\"https:\\\/\\\/www.rail-europe-solutions.com\\\/de\\\/covid-19-ein-fuer-notfaelle-eingerichteter-mindestservice\\\/#primaryimage\",\"url\":\"https:\\\/\\\/www.rail-europe-solutions.com\\\/wp-content\\\/uploads\\\/2019\\\/06\\\/un-groupe-familial-renforce-article.jpg\",\"contentUrl\":\"https:\\\/\\\/www.rail-europe-solutions.com\\\/wp-content\\\/uploads\\\/2019\\\/06\\\/un-groupe-familial-renforce-article.jpg\",\"width\":900,\"height\":420,\"caption\":\"Rail Europe Solution, un groupe familial renforc\u00e9\"},{\"@type\":\"BreadcrumbList\",\"@id\":\"https:\\\/\\\/www.rail-europe-solutions.com\\\/de\\\/covid-19-ein-fuer-notfaelle-eingerichteter-mindestservice\\\/#breadcrumb\",\"itemListElement\":[{\"@type\":\"ListItem\",\"position\":1,\"name\":\"Accueil\",\"item\":\"https:\\\/\\\/www.rail-europe-solutions.com\\\/de\\\/\"},{\"@type\":\"ListItem\",\"position\":2,\"name\":\"Covid 19 &#8211; Ein f\u00fcr Notf\u00e4lle eingerichteter Mindestservice\"}]},{\"@type\":\"WebSite\",\"@id\":\"https:\\\/\\\/www.rail-europe-solutions.com\\\/de\\\/#website\",\"url\":\"https:\\\/\\\/www.rail-europe-solutions.com\\\/de\\\/\",\"name\":\"Rail Europe Solutions\",\"description\":\"Le ferroviaire, notre savoir-faire\",\"publisher\":{\"@id\":\"https:\\\/\\\/www.rail-europe-solutions.com\\\/de\\\/#organization\"},\"potentialAction\":[{\"@type\":\"SearchAction\",\"target\":{\"@type\":\"EntryPoint\",\"urlTemplate\":\"https:\\\/\\\/www.rail-europe-solutions.com\\\/de\\\/?s={search_term_string}\"},\"query-input\":{\"@type\":\"PropertyValueSpecification\",\"valueRequired\":true,\"valueName\":\"search_term_string\"}}],\"inLanguage\":\"de\"},{\"@type\":\"Organization\",\"@id\":\"https:\\\/\\\/www.rail-europe-solutions.com\\\/de\\\/#organization\",\"name\":\"Rail Europe Solutions\",\"url\":\"https:\\\/\\\/www.rail-europe-solutions.com\\\/de\\\/\",\"logo\":{\"@type\":\"ImageObject\",\"inLanguage\":\"de\",\"@id\":\"https:\\\/\\\/www.rail-europe-solutions.com\\\/de\\\/#\\\/schema\\\/logo\\\/image\\\/\",\"url\":\"https:\\\/\\\/www.rail-europe-solutions.com\\\/wp-content\\\/uploads\\\/2019\\\/06\\\/logo-rail-europe-solutions-svg.svg\",\"contentUrl\":\"https:\\\/\\\/www.rail-europe-solutions.com\\\/wp-content\\\/uploads\\\/2019\\\/06\\\/logo-rail-europe-solutions-svg.svg\",\"width\":500,\"height\":202.18,\"caption\":\"Rail Europe Solutions\"},\"image\":{\"@id\":\"https:\\\/\\\/www.rail-europe-solutions.com\\\/de\\\/#\\\/schema\\\/logo\\\/image\\\/\"},\"sameAs\":[\"https:\\\/\\\/www.youtube.com\\\/channel\\\/UCQ0kDiV4FepVClXOxq6Bozw\"]},{\"@type\":\"Person\",\"@id\":\"https:\\\/\\\/www.rail-europe-solutions.com\\\/de\\\/#\\\/schema\\\/person\\\/7a1f0c214163b08232e3c28b221fee98\",\"name\":\"Groupe RES\",\"description\":\"Avec plus d\u2019un si\u00e8cle d\u2019exp\u00e9rience dans le monde du ferroviaire, le groupe Rail Europe Solutions est l\u2019alliance de soci\u00e9t\u00e9s compl\u00e9mentaires : CCB, Rail Europe, Emofer et MFD. Appartenant au Groupe Lambert, elles sont d\u00e9sormais unies et rassembl\u00e9es \u00e0 travers Rail Europe Solutions afin de vous proposer une offre produits compl\u00e8te en bois sous rail, traverses b\u00e9ton, appareils de voie, et mat\u00e9riel ferroviaire.\",\"sameAs\":[\"https:\\\/\\\/www.rail-europe-solutions.com\"]}]}<\/script>\n<!-- \/ Yoast SEO plugin. -->","yoast_head_json":{"title":"Covid 19 - Ein f\u00fcr Notf\u00e4lle eingerichteter Mindestservice - Rail Europe Solutions","robots":{"index":"index","follow":"follow","max-snippet":"max-snippet:-1","max-image-preview":"max-image-preview:large","max-video-preview":"max-video-preview:-1"},"canonical":"https:\/\/www.rail-europe-solutions.com\/de\/covid-19-ein-fuer-notfaelle-eingerichteter-mindestservice\/","og_locale":"de_DE","og_type":"article","og_title":"Covid 19 - Ein f\u00fcr Notf\u00e4lle eingerichteter Mindestservice - Rail Europe Solutions","og_description":"Aufgrund der aktuellen Gesundheitskrise hat die Gruppe Lambert \/ Rail Europe Solutions beschlossen, alle ihre Produktionsst\u00e4tten vor\u00fcbergehend zu schlie\u00dfen. Im Falle eines notwendigen Notfalls kann jedoch von Fall zu Fall eine Mindestleistung erbracht werden. Bitte wenden Sie sich an Ihren jeweiligen Vertriebsmitarbeiter, um die am besten geeignete L\u00f6sung zu finden.","og_url":"https:\/\/www.rail-europe-solutions.com\/de\/covid-19-ein-fuer-notfaelle-eingerichteter-mindestservice\/","og_site_name":"Rail Europe Solutions","article_published_time":"2020-03-26T12:25:52+00:00","article_modified_time":"2022-07-15T08:43:15+00:00","og_image":[{"width":900,"height":420,"url":"https:\/\/www.rail-europe-solutions.com\/wp-content\/uploads\/2019\/06\/un-groupe-familial-renforce-article.jpg","type":"image\/jpeg"}],"author":"Groupe RES","twitter_card":"summary_large_image","twitter_misc":{"Verfasst von":"Groupe RES","Gesch\u00e4tzte Lesezeit":"1\u00a0Minute"},"schema":{"@context":"https:\/\/schema.org","@graph":[{"@type":"Article","@id":"https:\/\/www.rail-europe-solutions.com\/de\/covid-19-ein-fuer-notfaelle-eingerichteter-mindestservice\/#article","isPartOf":{"@id":"https:\/\/www.rail-europe-solutions.com\/de\/covid-19-ein-fuer-notfaelle-eingerichteter-mindestservice\/"},"author":{"name":"Groupe RES","@id":"https:\/\/www.rail-europe-solutions.com\/de\/#\/schema\/person\/7a1f0c214163b08232e3c28b221fee98"},"headline":"Covid 19 &#8211; Ein f\u00fcr Notf\u00e4lle eingerichteter Mindestservice","datePublished":"2020-03-26T12:25:52+00:00","dateModified":"2022-07-15T08:43:15+00:00","mainEntityOfPage":{"@id":"https:\/\/www.rail-europe-solutions.com\/de\/covid-19-ein-fuer-notfaelle-eingerichteter-mindestservice\/"},"wordCount":112,"publisher":{"@id":"https:\/\/www.rail-europe-solutions.com\/de\/#organization"},"image":{"@id":"https:\/\/www.rail-europe-solutions.com\/de\/covid-19-ein-fuer-notfaelle-eingerichteter-mindestservice\/#primaryimage"},"thumbnailUrl":"https:\/\/www.rail-europe-solutions.com\/wp-content\/uploads\/2019\/06\/un-groupe-familial-renforce-article.jpg","articleSection":["Unkategorisiert"],"inLanguage":"de"},{"@type":"WebPage","@id":"https:\/\/www.rail-europe-solutions.com\/de\/covid-19-ein-fuer-notfaelle-eingerichteter-mindestservice\/","url":"https:\/\/www.rail-europe-solutions.com\/de\/covid-19-ein-fuer-notfaelle-eingerichteter-mindestservice\/","name":"Covid 19 - Ein f\u00fcr Notf\u00e4lle eingerichteter Mindestservice - Rail Europe Solutions","isPartOf":{"@id":"https:\/\/www.rail-europe-solutions.com\/de\/#website"},"primaryImageOfPage":{"@id":"https:\/\/www.rail-europe-solutions.com\/de\/covid-19-ein-fuer-notfaelle-eingerichteter-mindestservice\/#primaryimage"},"image":{"@id":"https:\/\/www.rail-europe-solutions.com\/de\/covid-19-ein-fuer-notfaelle-eingerichteter-mindestservice\/#primaryimage"},"thumbnailUrl":"https:\/\/www.rail-europe-solutions.com\/wp-content\/uploads\/2019\/06\/un-groupe-familial-renforce-article.jpg","datePublished":"2020-03-26T12:25:52+00:00","dateModified":"2022-07-15T08:43:15+00:00","breadcrumb":{"@id":"https:\/\/www.rail-europe-solutions.com\/de\/covid-19-ein-fuer-notfaelle-eingerichteter-mindestservice\/#breadcrumb"},"inLanguage":"de","potentialAction":[{"@type":"ReadAction","target":["https:\/\/www.rail-europe-solutions.com\/de\/covid-19-ein-fuer-notfaelle-eingerichteter-mindestservice\/"]}]},{"@type":"ImageObject","inLanguage":"de","@id":"https:\/\/www.rail-europe-solutions.com\/de\/covid-19-ein-fuer-notfaelle-eingerichteter-mindestservice\/#primaryimage","url":"https:\/\/www.rail-europe-solutions.com\/wp-content\/uploads\/2019\/06\/un-groupe-familial-renforce-article.jpg","contentUrl":"https:\/\/www.rail-europe-solutions.com\/wp-content\/uploads\/2019\/06\/un-groupe-familial-renforce-article.jpg","width":900,"height":420,"caption":"Rail Europe Solution, un groupe familial renforc\u00e9"},{"@type":"BreadcrumbList","@id":"https:\/\/www.rail-europe-solutions.com\/de\/covid-19-ein-fuer-notfaelle-eingerichteter-mindestservice\/#breadcrumb","itemListElement":[{"@type":"ListItem","position":1,"name":"Accueil","item":"https:\/\/www.rail-europe-solutions.com\/de\/"},{"@type":"ListItem","position":2,"name":"Covid 19 &#8211; Ein f\u00fcr Notf\u00e4lle eingerichteter Mindestservice"}]},{"@type":"WebSite","@id":"https:\/\/www.rail-europe-solutions.com\/de\/#website","url":"https:\/\/www.rail-europe-solutions.com\/de\/","name":"Rail Europe Solutions","description":"Le ferroviaire, notre savoir-faire","publisher":{"@id":"https:\/\/www.rail-europe-solutions.com\/de\/#organization"},"potentialAction":[{"@type":"SearchAction","target":{"@type":"EntryPoint","urlTemplate":"https:\/\/www.rail-europe-solutions.com\/de\/?s={search_term_string}"},"query-input":{"@type":"PropertyValueSpecification","valueRequired":true,"valueName":"search_term_string"}}],"inLanguage":"de"},{"@type":"Organization","@id":"https:\/\/www.rail-europe-solutions.com\/de\/#organization","name":"Rail Europe Solutions","url":"https:\/\/www.rail-europe-solutions.com\/de\/","logo":{"@type":"ImageObject","inLanguage":"de","@id":"https:\/\/www.rail-europe-solutions.com\/de\/#\/schema\/logo\/image\/","url":"https:\/\/www.rail-europe-solutions.com\/wp-content\/uploads\/2019\/06\/logo-rail-europe-solutions-svg.svg","contentUrl":"https:\/\/www.rail-europe-solutions.com\/wp-content\/uploads\/2019\/06\/logo-rail-europe-solutions-svg.svg","width":500,"height":202.18,"caption":"Rail Europe Solutions"},"image":{"@id":"https:\/\/www.rail-europe-solutions.com\/de\/#\/schema\/logo\/image\/"},"sameAs":["https:\/\/www.youtube.com\/channel\/UCQ0kDiV4FepVClXOxq6Bozw"]},{"@type":"Person","@id":"https:\/\/www.rail-europe-solutions.com\/de\/#\/schema\/person\/7a1f0c214163b08232e3c28b221fee98","name":"Groupe RES","description":"Avec plus d\u2019un si\u00e8cle d\u2019exp\u00e9rience dans le monde du ferroviaire, le groupe Rail Europe Solutions est l\u2019alliance de soci\u00e9t\u00e9s compl\u00e9mentaires : CCB, Rail Europe, Emofer et MFD. Appartenant au Groupe Lambert, elles sont d\u00e9sormais unies et rassembl\u00e9es \u00e0 travers Rail Europe Solutions afin de vous proposer une offre produits compl\u00e8te en bois sous rail, traverses b\u00e9ton, appareils de voie, et mat\u00e9riel ferroviaire.","sameAs":["https:\/\/www.rail-europe-solutions.com"]}]}},"_links":{"self":[{"href":"https:\/\/www.rail-europe-solutions.com\/de\/wp-json\/wp\/v2\/posts\/3112","targetHints":{"allow":["GET"]}}],"collection":[{"href":"https:\/\/www.rail-europe-solutions.com\/de\/wp-json\/wp\/v2\/posts"}],"about":[{"href":"https:\/\/www.rail-europe-solutions.com\/de\/wp-json\/wp\/v2\/types\/post"}],"author":[{"embeddable":true,"href":"https:\/\/www.rail-europe-solutions.com\/de\/wp-json\/wp\/v2\/users\/2"}],"replies":[{"embeddable":true,"href":"https:\/\/www.rail-europe-solutions.com\/de\/wp-json\/wp\/v2\/comments?post=3112"}],"version-history":[{"count":1,"href":"https:\/\/www.rail-europe-solutions.com\/de\/wp-json\/wp\/v2\/posts\/3112\/revisions"}],"predecessor-version":[{"id":3113,"href":"https:\/\/www.rail-europe-solutions.com\/de\/wp-json\/wp\/v2\/posts\/3112\/revisions\/3113"}],"wp:featuredmedia":[{"embeddable":true,"href":"https:\/\/www.rail-europe-solutions.com\/de\/wp-json\/wp\/v2\/media\/2811"}],"wp:attachment":[{"href":"https:\/\/www.rail-europe-solutions.com\/de\/wp-json\/wp\/v2\/media?parent=3112"}],"wp:term":[{"taxonomy":"category","embeddable":true,"href":"https:\/\/www.rail-europe-solutions.com\/de\/wp-json\/wp\/v2\/categories?post=3112"},{"taxonomy":"post_tag","embeddable":true,"href":"https:\/\/www.rail-europe-solutions.com\/de\/wp-json\/wp\/v2\/tags?post=3112"}],"curies":[{"name":"wp","href":"https:\/\/api.w.org\/{rel}","templated":true}]}}